{"id":1606,"date":"2023-05-07T16:43:15","date_gmt":"2023-05-07T16:43:15","guid":{"rendered":"https:\/\/iglesiahebronoruro.com\/conecta\/?p=1606"},"modified":"2024-05-26T23:11:07","modified_gmt":"2024-05-26T23:11:07","slug":"55-aniversario-iglesia-hebron-u-c-e-oruro","status":"publish","type":"post","link":"https:\/\/iglesiahebronoruro.com\/conecta\/index.php\/2023\/05\/07\/55-aniversario-iglesia-hebron-u-c-e-oruro\/","title":{"rendered":"55 Aniversario iglesia Hebr\u00f3n U.C.E. Oruro!!"},"content":{"rendered":"\n<p><\/p>\n\n\n\n<p> Entonces Jes\u00fas dijo a sus disc\u00edpulos: Si alguno quiere venir en pos de m\u00ed, ni\u00e9guese a s\u00ed mismo, y tome su cruz, y s\u00edgame. <em>Mateo 16:24<strong><sup> \u00a0<\/sup><\/strong><\/em><\/p>\n\n\n\n<p>Tras tres d\u00edas de celebraci\u00f3n, culminamos nuestro aniversario con una noche especial de compartimiento dedicada a agradecer un a\u00f1o mas de existencia como congregaci\u00f3n junto a la familia en Cristo que conforma la iglesia \u201cHebr\u00f3n\u201d; Solo Dios nos permite tener estos momentos de confraternizaci\u00f3n como hermanos y en su Gracia esperamos que nuestra vida espiritual se haya reconfortado en estos d\u00edas.<\/p>\n\n\n\n<figure class=\"wp-block-image size-large\"><img loading=\"lazy\" decoding=\"async\" width=\"1024\" height=\"473\" src=\"https:\/\/iglesiahebronoruro.com\/conecta\/wp-content\/uploads\/2023\/05\/almuerzo-1024x473.jpeg\" alt=\"\" class=\"wp-image-1602\" srcset=\"https:\/\/iglesiahebronoruro.com\/conecta\/wp-content\/uploads\/2023\/05\/almuerzo-1024x473.jpeg 1024w, https:\/\/iglesiahebronoruro.com\/conecta\/wp-content\/uploads\/2023\/05\/almuerzo-250x115.jpeg 250w, https:\/\/iglesiahebronoruro.com\/conecta\/wp-content\/uploads\/2023\/05\/almuerzo-768x355.jpeg 768w, https:\/\/iglesiahebronoruro.com\/conecta\/wp-content\/uploads\/2023\/05\/almuerzo.jpeg 1156w\" sizes=\"auto, (max-width: 1024px) 100vw, 1024px\" \/><\/figure>\n\n\n\n<p>Empezamos la jornada de Domingo con la Cena del Se\u00f1or y continuamos por la tarde con el acto central para posteriormente tener el cierre de nuestra celebraci\u00f3n de aniversario por la noche. Reconocemos la fidelidad infinita de Dios hacia nosotros y le pedimos gu\u00eda para continuar con la obra que nos ha encomendado.<\/p>\n\n\n\n<figure class=\"wp-block-image size-large\"><img loading=\"lazy\" decoding=\"async\" width=\"1024\" height=\"473\" src=\"https:\/\/iglesiahebronoruro.com\/conecta\/wp-content\/uploads\/2023\/05\/WhatsApp-Image-2023-05-08-at-12.10.51-AM-1024x473.jpeg\" alt=\"\" class=\"wp-image-1607\" srcset=\"https:\/\/iglesiahebronoruro.com\/conecta\/wp-content\/uploads\/2023\/05\/WhatsApp-Image-2023-05-08-at-12.10.51-AM-1024x473.jpeg 1024w, https:\/\/iglesiahebronoruro.com\/conecta\/wp-content\/uploads\/2023\/05\/WhatsApp-Image-2023-05-08-at-12.10.51-AM-250x115.jpeg 250w, https:\/\/iglesiahebronoruro.com\/conecta\/wp-content\/uploads\/2023\/05\/WhatsApp-Image-2023-05-08-at-12.10.51-AM-768x355.jpeg 768w, https:\/\/iglesiahebronoruro.com\/conecta\/wp-content\/uploads\/2023\/05\/WhatsApp-Image-2023-05-08-at-12.10.51-AM.jpeg 1156w\" sizes=\"auto, (max-width: 1024px) 100vw, 1024px\" \/><\/figure>\n","protected":false},"excerpt":{"rendered":"<p>55 Aniversario iglesia Hebr\u00f3n U.C.E. Oruro!!<\/p>\n","protected":false},"author":1,"featured_media":1608,"comment_status":"closed","ping_status":"closed","sticky":false,"template":"","format":"image","meta":{"_uag_custom_page_level_css":"","site-sidebar-layout":"default","site-content-layout":"default","ast-global-header-display":"","ast-main-header-display":"","ast-hfb-above-header-display":"","ast-hfb-below-header-display":"","ast-hfb-mobile-header-display":"","site-post-title":"","ast-breadcrumbs-content":"","ast-featured-img":"","footer-sml-layout":"","theme-transparent-header-meta":"","adv-header-id-meta":"","stick-header-meta":"","header-above-stick-meta":"","header-main-stick-meta":"","header-below-stick-meta":"","footnotes":""},"class_list":["post-1606","post","type-post","status-publish","format-image","has-post-thumbnail","hentry","category-general","post_format-post-format-image"],"uagb_featured_image_src":{"full":["https:\/\/iglesiahebronoruro.com\/conecta\/wp-content\/uploads\/2023\/05\/WhatsApp-Image-2023-05-08-at-12.10.52-AM.jpeg",1156,534,false],"thumbnail":["https:\/\/iglesiahebronoruro.com\/conecta\/wp-content\/uploads\/2023\/05\/WhatsApp-Image-2023-05-08-at-12.10.52-AM-120x120.jpeg",120,120,true],"medium":["https:\/\/iglesiahebronoruro.com\/conecta\/wp-content\/uploads\/2023\/05\/WhatsApp-Image-2023-05-08-at-12.10.52-AM-250x115.jpeg",250,115,true],"medium_large":["https:\/\/iglesiahebronoruro.com\/conecta\/wp-content\/uploads\/2023\/05\/WhatsApp-Image-2023-05-08-at-12.10.52-AM-768x355.jpeg",768,355,true],"large":["https:\/\/iglesiahebronoruro.com\/conecta\/wp-content\/uploads\/2023\/05\/WhatsApp-Image-2023-05-08-at-12.10.52-AM-1024x473.jpeg",1024,473,true],"1536x1536":["https:\/\/iglesiahebronoruro.com\/conecta\/wp-content\/uploads\/2023\/05\/WhatsApp-Image-2023-05-08-at-12.10.52-AM.jpeg",1156,534,false],"2048x2048":["https:\/\/iglesiahebronoruro.com\/conecta\/wp-content\/uploads\/2023\/05\/WhatsApp-Image-2023-05-08-at-12.10.52-AM.jpeg",1156,534,false]},"uagb_author_info":{"display_name":"admin","author_link":"https:\/\/iglesiahebronoruro.com\/conecta\/index.php\/author\/mincom\/"},"uagb_comment_info":0,"uagb_excerpt":"55 Aniversario iglesia Hebr\u00f3n U.C.E. Oruro!!","_links":{"self":[{"href":"https:\/\/iglesiahebronoruro.com\/conecta\/index.php\/wp-json\/wp\/v2\/posts\/1606","targetHints":{"allow":["GET"]}}],"collection":[{"href":"https:\/\/iglesiahebronoruro.com\/conecta\/index.php\/wp-json\/wp\/v2\/posts"}],"about":[{"href":"https:\/\/iglesiahebronoruro.com\/conecta\/index.php\/wp-json\/wp\/v2\/types\/post"}],"author":[{"embeddable":true,"href":"https:\/\/iglesiahebronoruro.com\/conecta\/index.php\/wp-json\/wp\/v2\/users\/1"}],"replies":[{"embeddable":true,"href":"https:\/\/iglesiahebronoruro.com\/conecta\/index.php\/wp-json\/wp\/v2\/comments?post=1606"}],"version-history":[{"count":5,"href":"https:\/\/iglesiahebronoruro.com\/conecta\/index.php\/wp-json\/wp\/v2\/posts\/1606\/revisions"}],"predecessor-version":[{"id":1638,"href":"https:\/\/iglesiahebronoruro.com\/conecta\/index.php\/wp-json\/wp\/v2\/posts\/1606\/revisions\/1638"}],"wp:featuredmedia":[{"embeddable":true,"href":"https:\/\/iglesiahebronoruro.com\/conecta\/index.php\/wp-json\/wp\/v2\/media\/1608"}],"wp:attachment":[{"href":"https:\/\/iglesiahebronoruro.com\/conecta\/index.php\/wp-json\/wp\/v2\/media?parent=1606"}],"curies":[{"name":"wp","href":"https:\/\/api.w.org\/{rel}","templated":true}]}}